{"id":138,"date":"2017-07-19T17:41:01","date_gmt":"2017-07-19T17:41:01","guid":{"rendered":"http:\/\/testeportal.unimedriopreto.com.br\/blog\/?p=138"},"modified":"2017-09-05T13:16:29","modified_gmt":"2017-09-05T13:16:29","slug":"cuidados-com-a-saude-bucal","status":"publish","type":"post","link":"https:\/\/www.unimedriopreto.com.br\/blog\/cuidados-com-a-saude-bucal\/","title":{"rendered":"Cuidados com a sa\u00fade bucal"},"content":{"rendered":"<p><span style=\"font-family: unimed-sand-regular;\">A boca \u00e9 um \u00f3rg\u00e3o de absor\u00e7\u00e3o de nutrientes, express\u00e3o de sentimentos, defesa e comunica\u00e7\u00e3o. Por isso, \u00e9 muito importante a realiza\u00e7\u00e3o de a\u00e7\u00f5es que visem melhorar a qualidade de vida da popula\u00e7\u00e3o discutindo alimenta\u00e7\u00e3o saud\u00e1vel, manuten\u00e7\u00e3o de higiene e autocuidado do corpo.<\/span><\/p>\n<p><span style=\"font-family: unimed-sand-regular;\">Para isso, \u00e9 importante realizamos atividades educativas para preven\u00e7\u00e3o de c\u00e1rie, doen\u00e7as na gengiva, c\u00e2ncer de boca, m\u00e1 oclus\u00e3o e trauma dent\u00e1rio, realizadas em grupo e no pr\u00f3prio departamento.<\/span><\/p>\n<p><span style=\"font-family: unimed-sand-regular;\">As a\u00e7\u00f5es nesta \u00e1rea visam melhorar a qualidade de vida da popula\u00e7\u00e3o, discutindo alimenta\u00e7\u00e3o saud\u00e1vel, manuten\u00e7\u00e3o da higiene e autocuidado do corpo.<\/span><\/p>\n<p style=\"text-align: right;\"><span style=\"font-size: 10pt;\"><em><span style=\"font-family: unimed-sand-regular;\">Fonte: Hospital Sociedade Beneficiente Israelita Brasileira. Publicado em julho 2012.<\/span><\/em><\/span><\/p>\n<p>&nbsp;<\/p>\n<p><span style=\"font-family: unimed-sand-regular;\">Na Medicina Preventiva da Unimed Rio Preto, os clientes contam com estas orienta\u00e7\u00f5es nas consultas realizadas pela Equipe Multidisciplinar, nos cursos de orienta\u00e7\u00f5es como: Viva Bem e Beab\u00e1 Beb\u00ea.<\/span><\/p>\n<p>&nbsp;<\/p>\n","protected":false},"excerpt":{"rendered":"<p>A boca \u00e9 um \u00f3rg\u00e3o de absor\u00e7\u00e3o de nutrientes, express\u00e3o de sentimentos, defesa e comunica\u00e7\u00e3o. Por isso, \u00e9 muito importante a realiza\u00e7\u00e3o de a\u00e7\u00f5es que visem melhorar a qualidade de<\/p>\n<div class=\"post-readmore\"><a href=\"https:\/\/www.unimedriopreto.com.br\/blog\/cuidados-com-a-saude-bucal\/\">Ler mais<\/a><\/div>\n","protected":false},"author":1,"featured_media":400,"comment_status":"open","ping_status":"open","sticky":false,"template":"","format":"standard","meta":{"_mi_skip_tracking":false},"categories":[3],"tags":[20,15,9],"_links":{"self":[{"href":"https:\/\/www.unimedriopreto.com.br\/blog\/wp-json\/wp\/v2\/posts\/138"}],"collection":[{"href":"https:\/\/www.unimedriopreto.com.br\/blog\/wp-json\/wp\/v2\/posts"}],"about":[{"href":"https:\/\/www.unimedriopreto.com.br\/blog\/wp-json\/wp\/v2\/types\/post"}],"author":[{"embeddable":true,"href":"https:\/\/www.unimedriopreto.com.br\/blog\/wp-json\/wp\/v2\/users\/1"}],"replies":[{"embeddable":true,"href":"https:\/\/www.unimedriopreto.com.br\/blog\/wp-json\/wp\/v2\/comments?post=138"}],"version-history":[{"count":1,"href":"https:\/\/www.unimedriopreto.com.br\/blog\/wp-json\/wp\/v2\/posts\/138\/revisions"}],"predecessor-version":[{"id":140,"href":"https:\/\/www.unimedriopreto.com.br\/blog\/wp-json\/wp\/v2\/posts\/138\/revisions\/140"}],"wp:featuredmedia":[{"embeddable":true,"href":"https:\/\/www.unimedriopreto.com.br\/blog\/wp-json\/wp\/v2\/media\/400"}],"wp:attachment":[{"href":"https:\/\/www.unimedriopreto.com.br\/blog\/wp-json\/wp\/v2\/media?parent=138"}],"wp:term":[{"taxonomy":"category","embeddable":true,"href":"https:\/\/www.unimedriopreto.com.br\/blog\/wp-json\/wp\/v2\/categories?post=138"},{"taxonomy":"post_tag","embeddable":true,"href":"https:\/\/www.unimedriopreto.com.br\/blog\/wp-json\/wp\/v2\/tags?post=138"}],"curies":[{"name":"wp","href":"https:\/\/api.w.org\/{rel}","templated":true}]}}