{"id":1640,"date":"2020-09-29T11:45:28","date_gmt":"2020-09-29T11:45:28","guid":{"rendered":"https:\/\/www.unimedriopreto.com.br\/blog\/?p=1640"},"modified":"2020-09-29T14:21:17","modified_gmt":"2020-09-29T14:21:17","slug":"29-de-setembro-dia-mundial-do-coracao","status":"publish","type":"post","link":"https:\/\/www.unimedriopreto.com.br\/blog\/29-de-setembro-dia-mundial-do-coracao\/","title":{"rendered":"29 de Setembro \u2013 Dia Mundial do Cora\u00e7\u00e3o"},"content":{"rendered":"\n<p>Comemorada no dia 29 de setembro, o Dia Mundial do Cora\u00e7\u00e3o tem por objetivo alertar e conscientizar a popula\u00e7\u00e3o sobre a import\u00e2ncia de manter h\u00e1bitos saud\u00e1veis e preservar a sa\u00fade do cora\u00e7\u00e3o. As doen\u00e7as cardiovasculares s\u00e3o a principal causa de morte no mundo, de acordo com a Organiza\u00e7\u00e3o Pan-Americana da Sa\u00fade (OPAS\/OMS), o que motivou a cria\u00e7\u00e3o da data.<\/p>\n\n\n\n<p>Para combater as principais doen\u00e7as que afetam o cora\u00e7\u00e3o, a Organiza\u00e7\u00e3o Mundial da Sa\u00fade (OMS) recomenda a pr\u00e1tica de atividades f\u00edsicas aliada a uma alimenta\u00e7\u00e3o balanceada, com baixa concentra\u00e7\u00e3o de s\u00f3dio e a\u00e7\u00facar, al\u00e9m de acompanhamento m\u00e9dico e nutricional.<\/p>\n\n\n\n<p>Alguns fatores de risco s\u00e3o determinantes para a ocorr\u00eancia das doen\u00e7as, tais como:<\/p>\n\n\n\n<p>&#8211; Diabetes;<br>&#8211; Hipertens\u00e3o;<br>&#8211; Tabagismo;<br>&#8211; Estresse;<br>&#8211; Obesidade;<br>&#8211; Doen\u00e7a da Tireoide;<br>&#8211; Colesterol alto;<br>&#8211; Hist\u00f3rico familiar.<\/p>\n\n\n\n<p>A incid\u00eancia de doen\u00e7as cardiovasculares cresceu 9% nos \u00faltimos 20 anos, segundo o Minist\u00e9rio da Sa\u00fade. Um dos fatores preponderantes para impulsionar as estat\u00edsticas \u00e9 a m\u00e1 alimenta\u00e7\u00e3o do brasileiro, repleta de exageros na quantidade de sal, a\u00e7\u00facar, produtos industrializados, frituras, entre outros abusos que s\u00e3o gatilhos para problemas como hipertens\u00e3o, diabetes e obesidade.<\/p>\n\n\n\n<p>O Minist\u00e9rio da Sa\u00fade disponibiliza a Dieta Cardioprotetora Brasileira, desenvolvida em conjunto com o Hospital do Cora\u00e7\u00e3o (HCOR), que pode orientar em rela\u00e7\u00e3o ao consumo adequado dos alimentos. A cartilha \u00e9 organizada conforme as cores da bandeira nacional, separando os alimentos nas categorias verde (consumir em maior quantidade), amarela (consumir com modera\u00e7\u00e3o) e azul (consumir em menor quantidade.<\/p>\n\n\n\n<p><strong>Levante a bandeira da sa\u00fade \u2013 Dieta Cardioprotetora Brasileira<\/strong><\/p>\n\n\n\n<p><strong>Grupo verde: <\/strong>Composto por frutas, verduras, legumes, feij\u00e3o, leite e iogurte desnatado, por exemplo. S\u00e3o op\u00e7\u00f5es que podem ser consumidas mais vezes ao dia. S\u00e3o considerados os alimentos mais cardioprotetores, que s\u00f3 t\u00eam nutrientes bons, como antioxidantes, fibras, vitaminas e minerais.<\/p>\n\n\n\n<p><strong>Grupo amarelo: <\/strong>\u00c9 formado por arroz, macarr\u00e3o, p\u00e3o, margarinas, \u00f3leos e castanhas, entre outros. Devem ser consumidos de forma moderada, por fornecer mais energia e carboidratos.<\/p>\n\n\n\n<p><strong>Grupo azul:<\/strong> S\u00e3o alimentos como carnes vermelhas, ovos, manteiga e queijos, que precisam ser ingeridos em menor quantidade ao longo do dia, por causa da quantidade de gordura saturada, colesterol e s\u00f3dio, mas que, ao mesmo tempo, tamb\u00e9m s\u00e3o necess\u00e1rios para a nossa sa\u00fade.<\/p>\n\n\n\n<p>Na pr\u00e1tica, significa que o paciente pode comer de tudo que est\u00e1 acostumado na sua regi\u00e3o, mas de uma forma balanceada. A dieta considera o que tem na mesa do brasileiro, classifica os alimentos e mostra como consumi-los de forma equilibrada.<\/p>\n\n\n\n<p>Seu cora\u00e7\u00e3o vale muito e voc\u00ea sempre pode cuidar melhor dele.<\/p>\n\n\n\n<p>Fonte: Minist\u00e9rio da Sa\u00fade do Brasil\/Hospital do Cora\u00e7\u00e3o (HCOR)<\/p>\n","protected":false},"excerpt":{"rendered":"<p>Comemorada no dia 29 de setembro, o Dia Mundial do Cora\u00e7\u00e3o tem por objetivo alertar e conscientizar a popula\u00e7\u00e3o sobre a import\u00e2ncia de manter h\u00e1bitos saud\u00e1veis e preservar a sa\u00fade<\/p>\n<div class=\"post-readmore\"><a href=\"https:\/\/www.unimedriopreto.com.br\/blog\/29-de-setembro-dia-mundial-do-coracao\/\">Ler mais<\/a><\/div>\n","protected":false},"author":1,"featured_media":1641,"comment_status":"open","ping_status":"open","sticky":false,"template":"","format":"standard","meta":{"_mi_skip_tracking":false},"categories":[3],"tags":[],"_links":{"self":[{"href":"https:\/\/www.unimedriopreto.com.br\/blog\/wp-json\/wp\/v2\/posts\/1640"}],"collection":[{"href":"https:\/\/www.unimedriopreto.com.br\/blog\/wp-json\/wp\/v2\/posts"}],"about":[{"href":"https:\/\/www.unimedriopreto.com.br\/blog\/wp-json\/wp\/v2\/types\/post"}],"author":[{"embeddable":true,"href":"https:\/\/www.unimedriopreto.com.br\/blog\/wp-json\/wp\/v2\/users\/1"}],"replies":[{"embeddable":true,"href":"https:\/\/www.unimedriopreto.com.br\/blog\/wp-json\/wp\/v2\/comments?post=1640"}],"version-history":[{"count":1,"href":"https:\/\/www.unimedriopreto.com.br\/blog\/wp-json\/wp\/v2\/posts\/1640\/revisions"}],"predecessor-version":[{"id":1642,"href":"https:\/\/www.unimedriopreto.com.br\/blog\/wp-json\/wp\/v2\/posts\/1640\/revisions\/1642"}],"wp:featuredmedia":[{"embeddable":true,"href":"https:\/\/www.unimedriopreto.com.br\/blog\/wp-json\/wp\/v2\/media\/1641"}],"wp:attachment":[{"href":"https:\/\/www.unimedriopreto.com.br\/blog\/wp-json\/wp\/v2\/media?parent=1640"}],"wp:term":[{"taxonomy":"category","embeddable":true,"href":"https:\/\/www.unimedriopreto.com.br\/blog\/wp-json\/wp\/v2\/categories?post=1640"},{"taxonomy":"post_tag","embeddable":true,"href":"https:\/\/www.unimedriopreto.com.br\/blog\/wp-json\/wp\/v2\/tags?post=1640"}],"curies":[{"name":"wp","href":"https:\/\/api.w.org\/{rel}","templated":true}]}}