{"id":190,"date":"2017-07-19T20:16:04","date_gmt":"2017-07-19T20:16:04","guid":{"rendered":"http:\/\/testeportal.unimedriopreto.com.br\/blog\/?p=190"},"modified":"2017-09-27T19:00:02","modified_gmt":"2017-09-27T19:00:02","slug":"unimed-sao-jose-do-rio-preto-inaugura-ecoponto-para-coleta-de-reciclados","status":"publish","type":"post","link":"https:\/\/www.unimedriopreto.com.br\/blog\/unimed-sao-jose-do-rio-preto-inaugura-ecoponto-para-coleta-de-reciclados\/","title":{"rendered":"Unimed S\u00e3o Jos\u00e9 do Rio Preto inaugura Ecoponto para coleta de reciclados"},"content":{"rendered":"<p><span style=\"font-family: unimed-sand-regular;\">O cuidado que a Unimed S\u00e3o Jos\u00e9 do Rio Preto tem com a sa\u00fade tamb\u00e9m se estende para o meio ambiente com a\u00e7\u00f5es de sustentabilidade. Por isso, a cooperativa m\u00e9dica inaugurou, no dia 5 de junho, um Ecoponto para descarte de materiais recicl\u00e1veis, pilhas e baterias.<\/span><\/p>\n<p><span style=\"font-family: unimed-sand-regular;\">Todo material dispensado no local, ser\u00e1 recolhido pela Cooperativa de Coleta Seletiva, Beneficiamento e Transforma\u00e7\u00e3o de Materiais Recicl\u00e1veis de S\u00e3o Jos\u00e9 do Rio Preto \u2013 Cooperalagos que far\u00e1 a separa\u00e7\u00e3o e dar\u00e1 a destina\u00e7\u00e3o correta. As pilhas e baterias ser\u00e3o enviadas para outra empresa que realiza a descontamina\u00e7\u00e3o e descarte final.<\/span><\/p>\n<p><span style=\"font-family: unimed-sand-regular;\">Toda popula\u00e7\u00e3o poder\u00e1 utilizar o Ecoponto, instalado na sede da Unimed Rio Preto, com acesso pela rua Penita, entre a avenida Bady Bassitt e rua Imperial. No local, poder\u00e3o ser descartados, 24 horas por dia, itens de pl\u00e1stico, metal, vidro e papel, al\u00e9m de pilhas e baterias.<\/span><\/p>\n<p><span style=\"font-family: unimed-sand-regular;\">O Ecoponto ser\u00e1 inaugurado oficialmente no dia 5, \u00e0s 10h30. A a\u00e7\u00e3o faz parte das comemora\u00e7\u00f5es da Semana do Meio Ambiente, que contar\u00e1 tamb\u00e9m com atividades internas para os colaboradores como oficina de artesanato com materiais reciclados, exposi\u00e7\u00e3o e orienta\u00e7\u00f5es com integrantes da Cooperlagos. Ser\u00e1 realizado tamb\u00e9m o plantio de sementes em tubetes que ser\u00e3o levados ao Viveiro Municipal at\u00e9 a forma\u00e7\u00e3o de mudas que, futuramente, ser\u00e3o plantadas em uma \u00e1rea de reflorestamento da cidade.<\/span><\/p>\n<p><strong><span style=\"font-family: unimed-sand-regular;\">Outras op\u00e7\u00f5es para toda popula\u00e7\u00e3o<\/span><\/strong><\/p>\n<p><span style=\"font-family: unimed-sand-regular;\">A Unimed S\u00e3o Jos\u00e9 do Rio Preto tamb\u00e9m oferece outras op\u00e7\u00f5es de descarte para a popula\u00e7\u00e3o.<\/span><\/p>\n<ul>\n<li><span style=\"font-family: unimed-sand-regular;\">Coleta de cart\u00f5es magn\u00e9ticos usados \u2013 a cooperativa disponibiliza equipamento \u201cPapa Cart\u00e3o\u201d em diversos pontos da cidade. As pessoas podem levar qualquer tipo de cart\u00e3o magn\u00e9tico que \u00e9 triturado na hora e, depois, enviado para reciclagem.<\/span><\/li>\n<li><span style=\"font-family: unimed-sand-regular;\">Pilhas e Baterias \u2013 al\u00e9m do Ecoponto, as pilhas e baterias podem ser depositadas em um coletor espec\u00edfico instalado na sede, avenida Bady Bassitt, 3877.<\/span><\/li>\n<li><span style=\"font-family: unimed-sand-regular;\">Coleta de \u00d3leo Usado \u2013 toda popula\u00e7\u00e3o pode descartar \u00f3leo usado em um coletor especial localizado no N\u00facleo de Atendimento Multidisciplinar da Unimed Rio Preto, Rua Floriano Peixoto, 2870.<\/span><\/li>\n<li><span style=\"font-family: unimed-sand-regular;\">Coleta de Medicamentos Vencidos \u2013 a Farm\u00e1cia Unimed recebe qualquer medicamento com data de validade expirada para destina\u00e7\u00e3o correta.<\/span><\/li>\n<\/ul>\n<p><iframe loading=\"lazy\" width=\"670\" height=\"377\" src=\"https:\/\/www.youtube.com\/embed\/yec1dL9KvHU?feature=oembed\" frameborder=\"0\" allowfullscreen><\/iframe><\/p>\n","protected":false},"excerpt":{"rendered":"<p>O cuidado que a Unimed S\u00e3o Jos\u00e9 do Rio Preto tem com a sa\u00fade tamb\u00e9m se estende para o meio ambiente com a\u00e7\u00f5es de sustentabilidade. Por isso, a cooperativa m\u00e9dica<\/p>\n<div class=\"post-readmore\"><a href=\"https:\/\/www.unimedriopreto.com.br\/blog\/unimed-sao-jose-do-rio-preto-inaugura-ecoponto-para-coleta-de-reciclados\/\">Ler mais<\/a><\/div>\n","protected":false},"author":1,"featured_media":389,"comment_status":"open","ping_status":"open","sticky":false,"template":"","format":"standard","meta":{"_mi_skip_tracking":false},"categories":[2],"tags":[37,8,38,23,9],"_links":{"self":[{"href":"https:\/\/www.unimedriopreto.com.br\/blog\/wp-json\/wp\/v2\/posts\/190"}],"collection":[{"href":"https:\/\/www.unimedriopreto.com.br\/blog\/wp-json\/wp\/v2\/posts"}],"about":[{"href":"https:\/\/www.unimedriopreto.com.br\/blog\/wp-json\/wp\/v2\/types\/post"}],"author":[{"embeddable":true,"href":"https:\/\/www.unimedriopreto.com.br\/blog\/wp-json\/wp\/v2\/users\/1"}],"replies":[{"embeddable":true,"href":"https:\/\/www.unimedriopreto.com.br\/blog\/wp-json\/wp\/v2\/comments?post=190"}],"version-history":[{"count":1,"href":"https:\/\/www.unimedriopreto.com.br\/blog\/wp-json\/wp\/v2\/posts\/190\/revisions"}],"predecessor-version":[{"id":192,"href":"https:\/\/www.unimedriopreto.com.br\/blog\/wp-json\/wp\/v2\/posts\/190\/revisions\/192"}],"wp:featuredmedia":[{"embeddable":true,"href":"https:\/\/www.unimedriopreto.com.br\/blog\/wp-json\/wp\/v2\/media\/389"}],"wp:attachment":[{"href":"https:\/\/www.unimedriopreto.com.br\/blog\/wp-json\/wp\/v2\/media?parent=190"}],"wp:term":[{"taxonomy":"category","embeddable":true,"href":"https:\/\/www.unimedriopreto.com.br\/blog\/wp-json\/wp\/v2\/categories?post=190"},{"taxonomy":"post_tag","embeddable":true,"href":"https:\/\/www.unimedriopreto.com.br\/blog\/wp-json\/wp\/v2\/tags?post=190"}],"curies":[{"name":"wp","href":"https:\/\/api.w.org\/{rel}","templated":true}]}}