{"id":2555,"date":"2022-12-26T15:38:12","date_gmt":"2022-12-26T15:38:12","guid":{"rendered":"https:\/\/www.unimedriopreto.com.br\/blog\/?p=2555"},"modified":"2025-03-25T15:14:10","modified_gmt":"2025-03-25T15:14:10","slug":"cuidados-basicos-com-a-saude-no-verao","status":"publish","type":"post","link":"https:\/\/www.unimedriopreto.com.br\/blog\/cuidados-basicos-com-a-saude-no-verao\/","title":{"rendered":"Cuidados b\u00e1sicos com a sa\u00fade no ver\u00e3o"},"content":{"rendered":"\n<p>Com a chegada do ver\u00e3o, a esta\u00e7\u00e3o mais quente do ano, precisamos redobrar a aten\u00e7\u00e3o para que a divers\u00e3o em fam\u00edlia n\u00e3o se torne um problema. Por isso, quem deseja aproveitar a temporada com praias e piscinas precisa ficar atento aos principais <strong>cuidados b\u00e1sicos com a sa\u00fade no ver\u00e3o<\/strong>.<\/p>\n\n\n\n<p>Quer saber como? Ent\u00e3o, confira as nossas dicas:<\/p>\n\n\n\n<p><strong>Aumente a ingest\u00e3o de l\u00edquidos<\/strong><\/p>\n\n\n\n<p>O nosso corpo precisa de pelo menos 2 litros de \u00e1gua para manter suas fun\u00e7\u00f5es vitais. Mas, com o calor intenso e o aumento da transpira\u00e7\u00e3o, \u00e9 necess\u00e1rio <strong>refor\u00e7ar a ingest\u00e3o de l\u00edquidos<\/strong>.<\/p>\n\n\n\n<p>A melhor forma de fazer isso \u00e9 tomar pelo menos 2,5 litros de \u00e1gua pura e complementar a hidrata\u00e7\u00e3o com frutas, ch\u00e1s, \u00e1gua de coco e sucos em vers\u00f5es naturais e sem a\u00e7\u00facar.<br><br><strong>Mantenha uma alimenta\u00e7\u00e3o saud\u00e1vel<\/strong> <\/p>\n\n\n\n<figure class=\"is-layout-flex wp-block-gallery-1 wp-block-gallery has-nested-images columns-default is-cropped\">\n<figure class=\"wp-block-image size-large\"><img decoding=\"async\" loading=\"lazy\" width=\"7195\" height=\"4802\" data-id=\"2552\"  src=\"https:\/\/www.unimedriopreto.com.br\/blog\/wp-content\/uploads\/2022\/12\/iStock_000080105955_XXXLarge-1.jpg\" alt=\"Alimenta\u00e7\u00e3o Saud\u00e1vel no ver\u00e3o\" class=\"wp-image-2552\"\/><\/figure>\n<\/figure>\n\n\n\n<p>Temperaturas mais altas fazem que o nosso organismo tenha que trabalhar mais para processar os alimentos ingeridos. Por isso, refei\u00e7\u00f5es pesadas ou muito gordurosas podem sobrecarregar o sistema digestivo e causar aquele mal-estar intestinal.<\/p>\n\n\n\n<p>Para evitar esses problemas, a dica \u00e9 <strong><a href=\"https:\/\/www.unimedriopreto.com.br\/blog\/alimentacao-saudavel-na-empresa\/\">apostar em uma dieta saud\u00e1vel,<\/a><\/strong> com alimentos leves, como frutas, verduras e legumes, que ainda ajudam a repor vitaminas e nutrientes perdidos pelo organismo, principalmente no ver\u00e3o.<\/p>\n\n\n\n<p><strong>Controle o consumo de bebidas alco\u00f3licas<\/strong><\/p>\n\n\n\n<p>Essa <strong>combina\u00e7\u00e3o de sol e calor<\/strong> parece algo perfeito para tomar aquela caipirinha ou uma cerveja gelada, n\u00e3o \u00e9 mesmo? Mas esse \u00e9 um dos principais cuidados que voc\u00ea deve ter com a sa\u00fade no ver\u00e3o.<\/p>\n\n\n\n<p>Al\u00e9m de intoxicar o organismo, que leva \u00e0 famosa ressaca no dia seguinte, o \u00e1lcool estimula a transpira\u00e7\u00e3o e aumenta a quantidade de vezes que voc\u00ea vai ao banheiro ao longo do dia, o que pode causar desidrata\u00e7\u00e3o.<\/p>\n\n\n\n<p>Vale refor\u00e7ar que o consumo de cafe\u00edna e a\u00e7\u00facar em excesso tamb\u00e9m favorece a perda de l\u00edquidos pelo corpo. Preste aten\u00e7\u00e3o!<\/p>\n\n\n\n<p><strong>Use filtro solar<\/strong><\/p>\n\n\n\n<p>O risco de uma pessoa desenvolver c\u00e2ncer de pele ocorre o ano todo, por isso, a <strong><a href=\"https:\/\/www.unimedriopreto.com.br\/blog\/7-dicas-de-cuidados-com-a-pele\/\">import\u00e2ncia do protetor solar<\/a><\/strong> ser aplicado diariamente.<\/p>\n\n\n\n<p>Segundo a Sociedade Brasileira de Dermatologia, a incid\u00eancia de raios ultravioletas do tipo B \u00e9 mais frequente das 10h \u00e0s 16h, per\u00edodo em que ficamos mais vulner\u00e1veis \u00e0s queimaduras solares.<\/p>\n\n\n\n<p>Para se proteger, o recomendado \u00e9 utilizar um filtro solar com FPS 30 ou superior. E lembre-se: em dias de maior exposi\u00e7\u00e3o ao sol, como em idas \u00e0 piscina e \u00e0 praia, o ideal \u00e9 refor\u00e7ar a aplica\u00e7\u00e3o do produto a cada duas horas, sempre que voc\u00ea mergulhar ou transpirar.<br><\/p>\n\n\n\n<p><strong>Fique atento aos sintomas de insola\u00e7\u00e3o<\/strong><\/p>\n\n\n\n<p>\u00c9 bem prov\u00e1vel que, se voc\u00ea j\u00e1 ficou exposto, de forma desprotegida, por horas ao sol acabou ficando todo \u201cvermelho\u201d depois, n\u00e3o \u00e9 mesmo? A <strong>hipertermia<\/strong>, mais conhecida como insola\u00e7\u00e3o, \u00e9 quando a temperatura corporal ultrapassa os 40\u00ba C\u00e9lsius.<\/p>\n\n\n\n<p>Alguns sintomas que acompanham a hipertermia s\u00e3o: transpira\u00e7\u00e3o intensa, n\u00e1useas, dores de cabe\u00e7a, tontura, confus\u00e3o metal e at\u00e9 convuls\u00f5es em casos mais graves.<\/p>\n\n\n\n<p>Ao identificar esses sinais, v\u00e1 at\u00e9 a um local fresco e ventilado, remova cal\u00e7ados e roupas apertadas e busque ajuda m\u00e9dica o mais breve poss\u00edvel.<\/p>\n\n\n\n<p><strong>Mais dicas para voc\u00ea!<\/strong><\/p>\n\n\n\n<p>Outras dicas que podem ajudar voc\u00ea a manter a sa\u00fade n\u00e3o apenas no ver\u00e3o, mas durante o ano todo, \u00e9 a <strong>pr\u00e1tica de atividades f\u00edsicas<\/strong> e o <strong>per\u00edodo em que voc\u00ea fica exposto diariamente no tr\u00e2nsito da sua cidade<\/strong>. Confira abaixo mais detalhes e anote a\u00ed as orienta\u00e7\u00f5es:<\/p>\n\n\n\n<p><strong>Na hora de malhar<\/strong> O exerc\u00edcio f\u00edsico \u00e9 fundamental para manter seu organismo funcionando corretamente, mas, sempre que poss\u00edvel, <strong>diminua a frequ\u00eancia e a intensidade do esfor\u00e7o f\u00edsico em dias muito quente<\/strong>.&nbsp;<\/p>\n\n\n\n<ul>\n<li>Se estiver fora de casa ou da academia, escolha sempre um local com sombra. <strong>Evite malhar sob o sol. <\/strong><strong><\/strong><\/li>\n\n\n\n<li><strong>Leve uma garrafinha de \u00e1gua junto com voc\u00ea<\/strong>. Isto \u00e9 muito importante. Treinar com sede n\u00e3o traz nenhum benef\u00edcio!<\/li>\n\n\n\n<li>Em dias quentes, o uso de agasalhos durante o treino n\u00e3o trar\u00e1 maior gasto cal\u00f3rico ou perda de gordura, apenas causar\u00e1 desconforto e desidrata\u00e7\u00e3o. Ent\u00e3o, fique atento a isso e <strong>use pe\u00e7as confort\u00e1veis na hora de malhar.<\/strong><\/li>\n<\/ul>\n\n\n\n<p><strong>Na hora de dirigir<\/strong><\/p>\n\n\n\n<ul>\n<li>Quando entrar em um carro que ficou parado sob o sol, <strong>abra primeiro portas e janelas e espere o ar circular.<\/strong> Isso evita que aquele\u201d bafo quente\u201d incomode na hora de dirigir. Se o ve\u00edculo for equipado com ar-condicionado, ligue-o ou deixe as janelas abertas.<\/li>\n\n\n\n<li>Caso tenha que aguardar estacionado, n\u00e3o fa\u00e7a isso dentro do ve\u00edculo. <strong>Espere do lado de fora.<\/strong><\/li>\n\n\n\n<li>Ao sair, <strong>certifique-se de que n\u00e3o tem nenhuma crian\u00e7a trancada no ve\u00edculo<\/strong>. Mesmo que seja r\u00e1pido, a crian\u00e7a pode passar mal. E n\u00e3o s\u00e3o raros os casos de mortes ocorridas nessas situa\u00e7\u00f5es. Tome cuidado!<\/li>\n\n\n\n<li>Se o carro ficar muito tempo estacionado fora da sombra, <strong>lembre-se de colocar uma toalha no painel do ve\u00edculo. <\/strong>Isso bloqueia a entrada do sol pelo para-brisas e ainda evita que suas m\u00e3os se queimem na hora de dirigir.<\/li>\n<\/ul>\n\n\n\n<p>Conhecer e colocar em pr\u00e1tica esses cuidados com a sa\u00fade no ver\u00e3o e no seu dia a dia \u00e9 uma das melhores formas de <strong>garantir que voc\u00ea e sua fam\u00edlia aproveitem ainda mais as boas fases da vida. <\/strong><strong><\/strong><\/p>\n\n\n\n<p>Boa divers\u00e3o e conte com a Unimed Rio Preto para cuidar da sua sa\u00fade e da vida de quem voc\u00ea ama!<\/p>\n\n\n\n<p><br><br><\/p>\n","protected":false},"excerpt":{"rendered":"<p>Com a chegada do ver\u00e3o, a esta\u00e7\u00e3o mais quente do ano, precisamos redobrar a aten\u00e7\u00e3o para que a divers\u00e3o em fam\u00edlia n\u00e3o se torne um problema. <\/p>\n","protected":false},"author":1,"featured_media":2554,"comment_status":"open","ping_status":"open","sticky":false,"template":"","format":"standard","meta":{"_mi_skip_tracking":false},"categories":[225,236,4],"tags":[31,15,9,224],"_links":{"self":[{"href":"https:\/\/www.unimedriopreto.com.br\/blog\/wp-json\/wp\/v2\/posts\/2555"}],"collection":[{"href":"https:\/\/www.unimedriopreto.com.br\/blog\/wp-json\/wp\/v2\/posts"}],"about":[{"href":"https:\/\/www.unimedriopreto.com.br\/blog\/wp-json\/wp\/v2\/types\/post"}],"author":[{"embeddable":true,"href":"https:\/\/www.unimedriopreto.com.br\/blog\/wp-json\/wp\/v2\/users\/1"}],"replies":[{"embeddable":true,"href":"https:\/\/www.unimedriopreto.com.br\/blog\/wp-json\/wp\/v2\/comments?post=2555"}],"version-history":[{"count":4,"href":"https:\/\/www.unimedriopreto.com.br\/blog\/wp-json\/wp\/v2\/posts\/2555\/revisions"}],"predecessor-version":[{"id":3133,"href":"https:\/\/www.unimedriopreto.com.br\/blog\/wp-json\/wp\/v2\/posts\/2555\/revisions\/3133"}],"wp:featuredmedia":[{"embeddable":true,"href":"https:\/\/www.unimedriopreto.com.br\/blog\/wp-json\/wp\/v2\/media\/2554"}],"wp:attachment":[{"href":"https:\/\/www.unimedriopreto.com.br\/blog\/wp-json\/wp\/v2\/media?parent=2555"}],"wp:term":[{"taxonomy":"category","embeddable":true,"href":"https:\/\/www.unimedriopreto.com.br\/blog\/wp-json\/wp\/v2\/categories?post=2555"},{"taxonomy":"post_tag","embeddable":true,"href":"https:\/\/www.unimedriopreto.com.br\/blog\/wp-json\/wp\/v2\/tags?post=2555"}],"curies":[{"name":"wp","href":"https:\/\/api.w.org\/{rel}","templated":true}]}}