{"id":289,"date":"2017-08-10T11:07:21","date_gmt":"2017-08-10T11:07:21","guid":{"rendered":"http:\/\/testeportal.unimedriopreto.com.br\/blog\/?p=289"},"modified":"2020-09-14T17:43:17","modified_gmt":"2020-09-14T17:43:17","slug":"clima-e-a-infeccao-urinaria","status":"publish","type":"post","link":"https:\/\/www.unimedriopreto.com.br\/blog\/clima-e-a-infeccao-urinaria\/","title":{"rendered":"Clima e a infec\u00e7\u00e3o urin\u00e1ria"},"content":{"rendered":"<p>Muitas pessoas j\u00e1 perceberam que com a transi\u00e7\u00e3o outono-inverno ocorrem algumas mudan\u00e7as em nosso organismo, em especial associadas as varia\u00e7\u00f5es clim\u00e1ticas do per\u00edodo, geralmente mais seco e frio.<\/p>\n<p>A produ\u00e7\u00e3o de urina est\u00e1 diretamente relacionada com o volume de l\u00edquido ingerido durante o dia. Al\u00e9m disso, em um clima quente e seco ocorre maior transpira\u00e7\u00e3o pela pele e perda de l\u00edquidos durante a respira\u00e7\u00e3o. O oposto ocorre em um clima frio e \u00famido. Por isso \u00e9 importante termos a consci\u00eancia do que a falta de l\u00edquido pode ocasionar e os cuidados que temos que ter, veja abaixo:<\/p>\n<p><style type=\"text\/css\"><!--td {border: 1px solid #ccc;}br {mso-data-placement:same-cell;}--><\/style>\n<p><span data-sheets-value=\"{&quot;1&quot;:2,&quot;2&quot;:&quot;[rock-convert-cta id=\\&quot;1545\\&quot;]&quot;}\" data-sheets-userformat=\"{&quot;2&quot;:513,&quot;3&quot;:{&quot;1&quot;:0},&quot;12&quot;:0}\">[rock-convert-cta id=&#8221;1545&#8243;]<\/span><\/p>\n<p><strong>O que \u00e9 INFEC\u00c7\u00c3O URIN\u00c1RIA?<\/strong><\/p>\n<p>A infec\u00e7\u00e3o do trato urin\u00e1rio \u00e9 causada por fungos ou bact\u00e9rias que percorrem o canal da uretra e se alojam na bexiga e, apesar de apresentar maior incid\u00eancia em mulheres, pode acometer tamb\u00e9m em homens e crian\u00e7as, em especial meninas ainda no uso de fraldas.<\/p>\n<p><strong>SINTOMAS:<\/strong><\/p>\n<ul>\n<li>Mic\u00e7\u00f5es frequentes acompanhadas de urg\u00eancia e ardor o urinar;<\/li>\n<li>Jatos reduzidos;<\/li>\n<li>Modifica\u00e7\u00e3o na cor da urina, que passa a ser turva, rosada ou com sinais de sangue;<\/li>\n<li>Odor forte;<\/li>\n<li>Febre;<\/li>\n<li>Dores na regi\u00e3o lombar;<\/li>\n<li>Dor p\u00e9lvica em mulheres;<\/li>\n<li>Dor retal em homens.<\/li>\n<\/ul>\n<p>Em casos mais graves onde as bact\u00e9ria se espalham para corrente sangu\u00ednea, o paciente pode ter sintomas como queda do estado geral, febre, n\u00e1useas e v\u00f4mitos, e pode ser preciso recorrer \u00e0 interna\u00e7\u00e3o para tratamento endovenoso.<\/p>\n<p><strong>CUIDADOS:<\/strong><\/p>\n<ul>\n<li>Ingerir muita \u00e1gua;<\/li>\n<li>Ir ao banheiro com frequ\u00eancia, n\u00e3o segurar a urina;<\/li>\n<li>Higienizar as m\u00e3os antes e ap\u00f3s as mic\u00e7\u00f5es;<\/li>\n<li>Urinar ap\u00f3s a rela\u00e7\u00e3o sexual;<\/li>\n<li>Troca regulamente as roupas \u00edntimas;<\/li>\n<li>Tratar a pris\u00e3o de ventre, ela pode levar uma propaga\u00e7\u00e3o de bact\u00e9rias nas vias urin\u00e1rias;<\/li>\n<li>Realizar limpeza nas mulheres de frente para tr\u00e1s, evitando contamina\u00e7\u00e3o;<\/li>\n<li>Trocar absorvente interno a cada 2 ou 3 horas;<\/li>\n<li>Evite o estresse, fadiga e nervosismo, pois podem reduzir o sistema imunol\u00f3gico e propiciar o aparecimento de infec\u00e7\u00f5es .<\/li>\n<\/ul>\n<p style=\"text-align: right;\"><span style=\"font-size: 8pt;\"><em>FONTE: Sociedade Brasileira de Urologia.<\/em><\/span><\/p>\n<div id=\"newsletter-f4cea89252eded769830\" role=\"main\">\u00a0<\/div>\n<p><script type=\"text\/javascript\" src=\"https:\/\/d335luupugsy2.cloudfront.net\/js\/rdstation-forms\/stable\/rdstation-forms.min.js\"><\/script>\u00a0<\/p>\n","protected":false},"excerpt":{"rendered":"<p>Muitas pessoas j\u00e1 perceberam que com a transi\u00e7\u00e3o outono-inverno ocorrem algumas mudan\u00e7as em nosso organismo, em especial associadas as varia\u00e7\u00f5es clim\u00e1ticas do per\u00edodo, geralmente mais seco e frio. A produ\u00e7\u00e3o<\/p>\n<div class=\"post-readmore\"><a href=\"https:\/\/www.unimedriopreto.com.br\/blog\/clima-e-a-infeccao-urinaria\/\">Ler mais<\/a><\/div>\n","protected":false},"author":1,"featured_media":374,"comment_status":"open","ping_status":"open","sticky":false,"template":"","format":"standard","meta":{"_mi_skip_tracking":false},"categories":[3],"tags":[],"_links":{"self":[{"href":"https:\/\/www.unimedriopreto.com.br\/blog\/wp-json\/wp\/v2\/posts\/289"}],"collection":[{"href":"https:\/\/www.unimedriopreto.com.br\/blog\/wp-json\/wp\/v2\/posts"}],"about":[{"href":"https:\/\/www.unimedriopreto.com.br\/blog\/wp-json\/wp\/v2\/types\/post"}],"author":[{"embeddable":true,"href":"https:\/\/www.unimedriopreto.com.br\/blog\/wp-json\/wp\/v2\/users\/1"}],"replies":[{"embeddable":true,"href":"https:\/\/www.unimedriopreto.com.br\/blog\/wp-json\/wp\/v2\/comments?post=289"}],"version-history":[{"count":3,"href":"https:\/\/www.unimedriopreto.com.br\/blog\/wp-json\/wp\/v2\/posts\/289\/revisions"}],"predecessor-version":[{"id":1593,"href":"https:\/\/www.unimedriopreto.com.br\/blog\/wp-json\/wp\/v2\/posts\/289\/revisions\/1593"}],"wp:featuredmedia":[{"embeddable":true,"href":"https:\/\/www.unimedriopreto.com.br\/blog\/wp-json\/wp\/v2\/media\/374"}],"wp:attachment":[{"href":"https:\/\/www.unimedriopreto.com.br\/blog\/wp-json\/wp\/v2\/media?parent=289"}],"wp:term":[{"taxonomy":"category","embeddable":true,"href":"https:\/\/www.unimedriopreto.com.br\/blog\/wp-json\/wp\/v2\/categories?post=289"},{"taxonomy":"post_tag","embeddable":true,"href":"https:\/\/www.unimedriopreto.com.br\/blog\/wp-json\/wp\/v2\/tags?post=289"}],"curies":[{"name":"wp","href":"https:\/\/api.w.org\/{rel}","templated":true}]}}