{"id":2921,"date":"2024-09-06T16:35:12","date_gmt":"2024-09-06T16:35:12","guid":{"rendered":"https:\/\/www.unimedriopreto.com.br\/blog\/?p=2921"},"modified":"2024-09-06T16:40:53","modified_gmt":"2024-09-06T16:40:53","slug":"vamos-falar-sobre-seguranca-do-paciente","status":"publish","type":"post","link":"https:\/\/www.unimedriopreto.com.br\/blog\/vamos-falar-sobre-seguranca-do-paciente\/","title":{"rendered":"Vamos falar sobre: Seguran\u00e7a do Paciente."},"content":{"rendered":"\n<p><strong><em>Tornar a sua jornada de atendimento cada vez mais segura esse \u00e9 o nosso jeito de cuidar!<\/em><\/strong><\/p>\n\n\n\n<p>Em cumprimento a RDC N\u00ba 36, DE 25 DE JULHO DE 2013 e PORTARIA N\u00ba 529, DE 1\u00ba DE ABRIL DE 2013, a Unimed instituiu em 2016 o N\u00facleo de Seguran\u00e7a do Paciente, inst\u00e2ncia do servi\u00e7o de sa\u00fade criada para promover e apoiar a implementa\u00e7\u00e3o de a\u00e7\u00f5es voltadas \u00e0 seguran\u00e7a do paciente.<\/p>\n\n\n\n<p>Definimos seguran\u00e7a do paciente como a redu\u00e7\u00e3o, a um m\u00ednimo aceit\u00e1vel, do risco de dano desnecess\u00e1rio associado ao cuidado de sa\u00fade.<\/p>\n\n\n\n<p>Dessa forma, nossos princ\u00edpios e diretrizes est\u00e3o norteados em:<\/p>\n\n\n\n<ul>\n<li>Melhoria cont\u00ednua dos processos de cuidado e do uso de tecnologias da sa\u00fade;<\/li>\n\n\n\n<li>Dissemina\u00e7\u00e3o sistem\u00e1tica da cultura de seguran\u00e7a;<\/li>\n\n\n\n<li>Articula\u00e7\u00e3o e a integra\u00e7\u00e3o dos processos de gest\u00e3o de risco;<\/li>\n\n\n\n<li>Garantia das boas pr\u00e1ticas de funcionamento do servi\u00e7o de sa\u00fade.<\/li>\n<\/ul>\n\n\n\n<p><strong><em>Voc\u00ea sabia que tamb\u00e9m pode contribuir com a melhoria cont\u00ednua da seguran\u00e7a?<\/em><\/strong><\/p>\n\n\n\n<p>Ao passar em atendimento em um de nossos servi\u00e7os, avalie se est\u00e1 sendo cumprido minimamente os protocolos de seguran\u00e7a abaixo:<\/p>\n\n\n\n<ul>\n<li><strong>Protocolo 1 \u2013 IDENTIFICA\u00c7\u00c3O CORRETA<\/strong><\/li>\n<\/ul>\n\n\n\n<p>Ser identificado corretamente com seu nome e data de nascimento, levando em considera\u00e7\u00e3o as caracter\u00edsticas individuais, prioridades de atendimento e prefer\u00eancias para nome social ou nome afetivo;<\/p>\n\n\n\n<ul>\n<li><strong>Protocolo 2 \u2013 COMUNICA\u00c7\u00c3O EFETIVA<\/strong><\/li>\n<\/ul>\n\n\n\n<p>Receber orienta\u00e7\u00f5es verbal e escrita de forma clara e precisa, com transpar\u00eancia e acolhimento.<\/p>\n\n\n\n<ul>\n<li><strong>Protocolo 3 \u2013 USO SEGURO DE MEDICAMENTOS<\/strong><\/li>\n<\/ul>\n\n\n\n<p>Ser questionado sobre o uso de medicamentos de rotina e alergias.<\/p>\n\n\n\n<p>Ser informado quanto aos medicamentos que est\u00e3o sendo administrados, assim como os cuidados necess\u00e1rios antes, durante e ap\u00f3s a sua administra\u00e7\u00e3o.<\/p>\n\n\n\n<ul>\n<li><strong>Protocolo 4 \u2013 PROCEDIMENTOS INVASIVOS\/ CIR\u00daRGICOS SEGUROS<\/strong><\/li>\n<\/ul>\n\n\n\n<p>Ser conferido previamente a identifica\u00e7\u00e3o dos seus dados (nome e data de nascimento), local e lateralidade para a realiza\u00e7\u00e3o do procedimento.<\/p>\n\n\n\n<ul>\n<li><strong>Protocolo 5 \u2013 HIGIENE DAS M\u00c3OS<\/strong><\/li>\n<\/ul>\n\n\n\n<p>Perceber que o profissional higieniza as m\u00e3os antes, durante e ap\u00f3s o contato com rotinas realizadas no atendimento.<\/p>\n\n\n\n<p>A higieniza\u00e7\u00e3o das m\u00e3os pode ser realizada com \u00e1gua e sab\u00e3o ou com \u00e1lcool.<\/p>\n\n\n\n<ul>\n<li><strong>Protocolo 6 \u2013 REDU\u00c7\u00c3O DO RISCO DE QUEDA E LES\u00d5ES<\/strong><\/li>\n<\/ul>\n\n\n\n<p>Ser abordado quanto a necessidade de movimenta\u00e7\u00e3o em cadeira de rodas em caso de mal-estar, tontura ou dificuldade de locomo\u00e7\u00e3o.<\/p>\n\n\n\n<p>Receber orienta\u00e7\u00f5es e apoio em casos de medicamentos que podem causar mal-estar e tontura.<\/p>\n\n\n\n<p>Perceber a sinaliza\u00e7\u00e3o de placas de alerta em caso de \u00e1rea com potencial escorregadio.<\/p>\n\n\n\n<p><strong><em>Nos ajude no compromisso em melhorar a seguran\u00e7a do seu atendimento!<\/em><\/strong><\/p>\n\n\n\n<p><strong><em>Notifique qualquer situa\u00e7\u00e3o em que voc\u00ea se sentiu inseguro!<\/em><\/strong><\/p>\n\n\n\n<p>Por meio de uma <strong>Pesquisa de Satisfa\u00e7\u00e3o<\/strong> sobre a Seguran\u00e7a nos atendimentos realizados na Unimed Rio Preto, voc\u00ea sinaliza pontos positivos e de melhorias sobre o assunto seguran\u00e7a em nossa cooperativa.<\/p>\n\n\n\n<p>Saiba que a sua Seguran\u00e7a \u00e9 o nosso maior valor e contamos com voc\u00ea para nos apoiar continuamente na melhoria dos nossos servi\u00e7os. Ouvi-los sempre ser\u00e1 um prazer! Caso queira deixar a sua opini\u00e3o, clique abaixo no link em que o N\u00facleo de Seguran\u00e7a do Paciente receber\u00e1 e far\u00e1 as devidas tratativas.<\/p>\n\n\n\n<p><a href=\"https:\/\/forms.office.com\/Pages\/ResponsePage.aspx?id=x014AbwVJEKZVp1V3_2Sq9CGzvKe12hMjjYFN36XcOhURUkzOUQzOVVSVFFDVkdURFIyTDFXVzMwQi4u\"><strong>Clique aqui&nbsp;<\/strong><\/a><strong>e participe!<\/strong><\/p>\n","protected":false},"excerpt":{"rendered":"<p>Tornar a sua jornada de atendimento cada vez mais segura esse \u00e9 o nosso jeito de cuidar!<\/p>\n","protected":false},"author":1,"featured_media":2922,"comment_status":"open","ping_status":"open","sticky":false,"template":"","format":"standard","meta":{"_mi_skip_tracking":false},"categories":[5,46,236],"tags":[15,291,9],"_links":{"self":[{"href":"https:\/\/www.unimedriopreto.com.br\/blog\/wp-json\/wp\/v2\/posts\/2921"}],"collection":[{"href":"https:\/\/www.unimedriopreto.com.br\/blog\/wp-json\/wp\/v2\/posts"}],"about":[{"href":"https:\/\/www.unimedriopreto.com.br\/blog\/wp-json\/wp\/v2\/types\/post"}],"author":[{"embeddable":true,"href":"https:\/\/www.unimedriopreto.com.br\/blog\/wp-json\/wp\/v2\/users\/1"}],"replies":[{"embeddable":true,"href":"https:\/\/www.unimedriopreto.com.br\/blog\/wp-json\/wp\/v2\/comments?post=2921"}],"version-history":[{"count":3,"href":"https:\/\/www.unimedriopreto.com.br\/blog\/wp-json\/wp\/v2\/posts\/2921\/revisions"}],"predecessor-version":[{"id":2926,"href":"https:\/\/www.unimedriopreto.com.br\/blog\/wp-json\/wp\/v2\/posts\/2921\/revisions\/2926"}],"wp:featuredmedia":[{"embeddable":true,"href":"https:\/\/www.unimedriopreto.com.br\/blog\/wp-json\/wp\/v2\/media\/2922"}],"wp:attachment":[{"href":"https:\/\/www.unimedriopreto.com.br\/blog\/wp-json\/wp\/v2\/media?parent=2921"}],"wp:term":[{"taxonomy":"category","embeddable":true,"href":"https:\/\/www.unimedriopreto.com.br\/blog\/wp-json\/wp\/v2\/categories?post=2921"},{"taxonomy":"post_tag","embeddable":true,"href":"https:\/\/www.unimedriopreto.com.br\/blog\/wp-json\/wp\/v2\/tags?post=2921"}],"curies":[{"name":"wp","href":"https:\/\/api.w.org\/{rel}","templated":true}]}}